{"id":34934,"count":1,"description":"","link":"https:\/\/blogdoedvaldomagalhaes.com.br\/index.php\/tag\/anderson-correia-palestra-sobre-direito-animal-na-oab-arcoverde-e-inicia-serie-de-encontros-nas-subsecoes-de-pernambuco\/","name":"Anderson Correia palestra sobre Direito Animal na OAB Arcoverde e inicia s\u00e9rie de encontros nas subse\u00e7\u00f5es de Pernambuco","slug":"anderson-correia-palestra-sobre-direito-animal-na-oab-arcoverde-e-inicia-serie-de-encontros-nas-subsecoes-de-pernambuco","taxonomy":"post_tag","meta":[],"_links":{"self":[{"href":"https:\/\/blogdoedvaldomagalhaes.com.br\/index.php\/wp-json\/wp\/v2\/tags\/34934","targetHints":{"allow":["GET"]}}],"collection":[{"href":"https:\/\/blogdoedvaldomagalhaes.com.br\/index.php\/wp-json\/wp\/v2\/tags"}],"about":[{"href":"https:\/\/blogdoedvaldomagalhaes.com.br\/index.php\/wp-json\/wp\/v2\/taxonomies\/post_tag"}],"wp:post_type":[{"href":"https:\/\/blogdoedvaldomagalhaes.com.br\/index.php\/wp-json\/wp\/v2\/posts?tags=34934"}],"curies":[{"name":"wp","href":"https:\/\/api.w.org\/{rel}","templated":true}]}}