{"id":34933,"count":1,"description":"","link":"https:\/\/blogdoedvaldomagalhaes.com.br\/index.php\/tag\/anuncia-construcao-da-nova-feira-do-gado-e-assina-ordem-de-servico-para-pavimentacao-de-ruas\/","name":"anuncia constru\u00e7\u00e3o da nova Feira do Gado e assina ordem de servi\u00e7o para pavimenta\u00e7\u00e3o de ruas","slug":"anuncia-construcao-da-nova-feira-do-gado-e-assina-ordem-de-servico-para-pavimentacao-de-ruas","taxonomy":"post_tag","meta":[],"_links":{"self":[{"href":"https:\/\/blogdoedvaldomagalhaes.com.br\/index.php\/wp-json\/wp\/v2\/tags\/34933","targetHints":{"allow":["GET"]}}],"collection":[{"href":"https:\/\/blogdoedvaldomagalhaes.com.br\/index.php\/wp-json\/wp\/v2\/tags"}],"about":[{"href":"https:\/\/blogdoedvaldomagalhaes.com.br\/index.php\/wp-json\/wp\/v2\/taxonomies\/post_tag"}],"wp:post_type":[{"href":"https:\/\/blogdoedvaldomagalhaes.com.br\/index.php\/wp-json\/wp\/v2\/posts?tags=34933"}],"curies":[{"name":"wp","href":"https:\/\/api.w.org\/{rel}","templated":true}]}}