{"id":34927,"count":1,"description":"","link":"https:\/\/blogdoedvaldomagalhaes.com.br\/index.php\/tag\/protecao-a-infancia-pl-do-vereador-silvio-nascimento-conquista-aprovacao-unanime\/","name":"Prote\u00e7\u00e3o \u00e0 Inf\u00e2ncia: PL do vereador Silvio Nascimento conquista aprova\u00e7\u00e3o un\u00e2nime","slug":"protecao-a-infancia-pl-do-vereador-silvio-nascimento-conquista-aprovacao-unanime","taxonomy":"post_tag","meta":[],"_links":{"self":[{"href":"https:\/\/blogdoedvaldomagalhaes.com.br\/index.php\/wp-json\/wp\/v2\/tags\/34927","targetHints":{"allow":["GET"]}}],"collection":[{"href":"https:\/\/blogdoedvaldomagalhaes.com.br\/index.php\/wp-json\/wp\/v2\/tags"}],"about":[{"href":"https:\/\/blogdoedvaldomagalhaes.com.br\/index.php\/wp-json\/wp\/v2\/taxonomies\/post_tag"}],"wp:post_type":[{"href":"https:\/\/blogdoedvaldomagalhaes.com.br\/index.php\/wp-json\/wp\/v2\/posts?tags=34927"}],"curies":[{"name":"wp","href":"https:\/\/api.w.org\/{rel}","templated":true}]}}