{"id":34926,"count":1,"description":"","link":"https:\/\/blogdoedvaldomagalhaes.com.br\/index.php\/tag\/senac-vai-comemorar-o-dia-internacional-da-saude-mental-com-evento-gratuito-no-centro-de-convencoes-em-caruaru-nesta-quinta-9\/","name":"Senac vai comemorar o Dia Internacional da Sa\u00fade Mental com evento gratuito no Centro de Conven\u00e7\u00f5es em Caruaru nesta quinta (9)","slug":"senac-vai-comemorar-o-dia-internacional-da-saude-mental-com-evento-gratuito-no-centro-de-convencoes-em-caruaru-nesta-quinta-9","taxonomy":"post_tag","meta":[],"_links":{"self":[{"href":"https:\/\/blogdoedvaldomagalhaes.com.br\/index.php\/wp-json\/wp\/v2\/tags\/34926","targetHints":{"allow":["GET"]}}],"collection":[{"href":"https:\/\/blogdoedvaldomagalhaes.com.br\/index.php\/wp-json\/wp\/v2\/tags"}],"about":[{"href":"https:\/\/blogdoedvaldomagalhaes.com.br\/index.php\/wp-json\/wp\/v2\/taxonomies\/post_tag"}],"wp:post_type":[{"href":"https:\/\/blogdoedvaldomagalhaes.com.br\/index.php\/wp-json\/wp\/v2\/posts?tags=34926"}],"curies":[{"name":"wp","href":"https:\/\/api.w.org\/{rel}","templated":true}]}}