{"id":34864,"count":1,"description":"","link":"https:\/\/blogdoedvaldomagalhaes.com.br\/index.php\/tag\/aprovado-pl-do-vereador-joao-neto-que-determina-intervalo-religioso-nas-instituicoes-de-ensino-publico-e-privado-em-caruaru\/","name":"Aprovado PL do vereador Jo\u00e3o Neto que determina \u201cIntervalo Religioso\u201d nas institui\u00e7\u00f5es de ensino p\u00fablico e privado em Caruaru","slug":"aprovado-pl-do-vereador-joao-neto-que-determina-intervalo-religioso-nas-instituicoes-de-ensino-publico-e-privado-em-caruaru","taxonomy":"post_tag","meta":[],"_links":{"self":[{"href":"https:\/\/blogdoedvaldomagalhaes.com.br\/index.php\/wp-json\/wp\/v2\/tags\/34864","targetHints":{"allow":["GET"]}}],"collection":[{"href":"https:\/\/blogdoedvaldomagalhaes.com.br\/index.php\/wp-json\/wp\/v2\/tags"}],"about":[{"href":"https:\/\/blogdoedvaldomagalhaes.com.br\/index.php\/wp-json\/wp\/v2\/taxonomies\/post_tag"}],"wp:post_type":[{"href":"https:\/\/blogdoedvaldomagalhaes.com.br\/index.php\/wp-json\/wp\/v2\/posts?tags=34864"}],"curies":[{"name":"wp","href":"https:\/\/api.w.org\/{rel}","templated":true}]}}