{"id":34863,"count":1,"description":"","link":"https:\/\/blogdoedvaldomagalhaes.com.br\/index.php\/tag\/anderson-luiz-mostra-forca-politica-ao-reunir-maioria-da-camara-de-caruaru-em-apoio-a-sua-pre-candidatura\/","name":"Anderson Luiz mostra for\u00e7a pol\u00edtica ao reunir maioria da C\u00e2mara de Caruaru em apoio \u00e0 sua pr\u00e9-candidatura","slug":"anderson-luiz-mostra-forca-politica-ao-reunir-maioria-da-camara-de-caruaru-em-apoio-a-sua-pre-candidatura","taxonomy":"post_tag","meta":[],"_links":{"self":[{"href":"https:\/\/blogdoedvaldomagalhaes.com.br\/index.php\/wp-json\/wp\/v2\/tags\/34863","targetHints":{"allow":["GET"]}}],"collection":[{"href":"https:\/\/blogdoedvaldomagalhaes.com.br\/index.php\/wp-json\/wp\/v2\/tags"}],"about":[{"href":"https:\/\/blogdoedvaldomagalhaes.com.br\/index.php\/wp-json\/wp\/v2\/taxonomies\/post_tag"}],"wp:post_type":[{"href":"https:\/\/blogdoedvaldomagalhaes.com.br\/index.php\/wp-json\/wp\/v2\/posts?tags=34863"}],"curies":[{"name":"wp","href":"https:\/\/api.w.org\/{rel}","templated":true}]}}