{"id":34609,"count":1,"description":"","link":"https:\/\/blogdoedvaldomagalhaes.com.br\/index.php\/tag\/baraunas-recebe-a-proxima-edicao-do-prefeitura-na-porta-a-partir-desta-segunda-feira-8\/","name":"Bara\u00fanas recebe a pr\u00f3xima edi\u00e7\u00e3o do \u201cPrefeitura na Porta\u201d a partir desta segunda-feira (8)","slug":"baraunas-recebe-a-proxima-edicao-do-prefeitura-na-porta-a-partir-desta-segunda-feira-8","taxonomy":"post_tag","meta":[],"_links":{"self":[{"href":"https:\/\/blogdoedvaldomagalhaes.com.br\/index.php\/wp-json\/wp\/v2\/tags\/34609","targetHints":{"allow":["GET"]}}],"collection":[{"href":"https:\/\/blogdoedvaldomagalhaes.com.br\/index.php\/wp-json\/wp\/v2\/tags"}],"about":[{"href":"https:\/\/blogdoedvaldomagalhaes.com.br\/index.php\/wp-json\/wp\/v2\/taxonomies\/post_tag"}],"wp:post_type":[{"href":"https:\/\/blogdoedvaldomagalhaes.com.br\/index.php\/wp-json\/wp\/v2\/posts?tags=34609"}],"curies":[{"name":"wp","href":"https:\/\/api.w.org\/{rel}","templated":true}]}}