{"id":34606,"count":1,"description":"","link":"https:\/\/blogdoedvaldomagalhaes.com.br\/index.php\/tag\/governadora-raquel-lyra-assina-ordem-de-servico-para-infraestrutura-hidrica-e-urbanizacao-da-vila-canaa\/","name":"Governadora Raquel Lyra assina ordem de servi\u00e7o para infraestrutura h\u00eddrica e urbaniza\u00e7\u00e3o da Vila Cana\u00e3","slug":"governadora-raquel-lyra-assina-ordem-de-servico-para-infraestrutura-hidrica-e-urbanizacao-da-vila-canaa","taxonomy":"post_tag","meta":[],"_links":{"self":[{"href":"https:\/\/blogdoedvaldomagalhaes.com.br\/index.php\/wp-json\/wp\/v2\/tags\/34606","targetHints":{"allow":["GET"]}}],"collection":[{"href":"https:\/\/blogdoedvaldomagalhaes.com.br\/index.php\/wp-json\/wp\/v2\/tags"}],"about":[{"href":"https:\/\/blogdoedvaldomagalhaes.com.br\/index.php\/wp-json\/wp\/v2\/taxonomies\/post_tag"}],"wp:post_type":[{"href":"https:\/\/blogdoedvaldomagalhaes.com.br\/index.php\/wp-json\/wp\/v2\/posts?tags=34606"}],"curies":[{"name":"wp","href":"https:\/\/api.w.org\/{rel}","templated":true}]}}