{"id":34605,"count":1,"description":"","link":"https:\/\/blogdoedvaldomagalhaes.com.br\/index.php\/tag\/governadora-raquel-lyra-prestigia-ultimo-fim-de-semana-do-festival-pernambuco-meu-pais-em-caruaru-com-shows-e-celebracao-da-cultura-popular\/","name":"Governadora Raquel Lyra prestigia \u00faltimo fim de semana do Festival Pernambuco Meu Pa\u00eds em Caruaru com shows e celebra\u00e7\u00e3o da cultura popular","slug":"governadora-raquel-lyra-prestigia-ultimo-fim-de-semana-do-festival-pernambuco-meu-pais-em-caruaru-com-shows-e-celebracao-da-cultura-popular","taxonomy":"post_tag","meta":[],"_links":{"self":[{"href":"https:\/\/blogdoedvaldomagalhaes.com.br\/index.php\/wp-json\/wp\/v2\/tags\/34605","targetHints":{"allow":["GET"]}}],"collection":[{"href":"https:\/\/blogdoedvaldomagalhaes.com.br\/index.php\/wp-json\/wp\/v2\/tags"}],"about":[{"href":"https:\/\/blogdoedvaldomagalhaes.com.br\/index.php\/wp-json\/wp\/v2\/taxonomies\/post_tag"}],"wp:post_type":[{"href":"https:\/\/blogdoedvaldomagalhaes.com.br\/index.php\/wp-json\/wp\/v2\/posts?tags=34605"}],"curies":[{"name":"wp","href":"https:\/\/api.w.org\/{rel}","templated":true}]}}