{"id":34601,"count":1,"description":"","link":"https:\/\/blogdoedvaldomagalhaes.com.br\/index.php\/tag\/nova-sede-da-sefaz-em-caruaru-rodrigo-pinheiro-destaca-valorizacao-do-centro-e-proximidade-com-a-populacao\/","name":"Nova sede da SEFAZ em Caruaru: Rodrigo Pinheiro destaca valoriza\u00e7\u00e3o do Centro e proximidade com a popula\u00e7\u00e3o","slug":"nova-sede-da-sefaz-em-caruaru-rodrigo-pinheiro-destaca-valorizacao-do-centro-e-proximidade-com-a-populacao","taxonomy":"post_tag","meta":[],"_links":{"self":[{"href":"https:\/\/blogdoedvaldomagalhaes.com.br\/index.php\/wp-json\/wp\/v2\/tags\/34601","targetHints":{"allow":["GET"]}}],"collection":[{"href":"https:\/\/blogdoedvaldomagalhaes.com.br\/index.php\/wp-json\/wp\/v2\/tags"}],"about":[{"href":"https:\/\/blogdoedvaldomagalhaes.com.br\/index.php\/wp-json\/wp\/v2\/taxonomies\/post_tag"}],"wp:post_type":[{"href":"https:\/\/blogdoedvaldomagalhaes.com.br\/index.php\/wp-json\/wp\/v2\/posts?tags=34601"}],"curies":[{"name":"wp","href":"https:\/\/api.w.org\/{rel}","templated":true}]}}