{"id":34347,"count":1,"description":"","link":"https:\/\/blogdoedvaldomagalhaes.com.br\/index.php\/tag\/prefeitura-de-caruaru-amplia-prazo-de-transicao-dos-ambulantes-aos-novos-espacos-no-parque-18-de-maio\/","name":"Prefeitura de Caruaru amplia prazo de transi\u00e7\u00e3o dos ambulantes aos novos espa\u00e7os no Parque 18 de Maio","slug":"prefeitura-de-caruaru-amplia-prazo-de-transicao-dos-ambulantes-aos-novos-espacos-no-parque-18-de-maio","taxonomy":"post_tag","meta":[],"_links":{"self":[{"href":"https:\/\/blogdoedvaldomagalhaes.com.br\/index.php\/wp-json\/wp\/v2\/tags\/34347","targetHints":{"allow":["GET"]}}],"collection":[{"href":"https:\/\/blogdoedvaldomagalhaes.com.br\/index.php\/wp-json\/wp\/v2\/tags"}],"about":[{"href":"https:\/\/blogdoedvaldomagalhaes.com.br\/index.php\/wp-json\/wp\/v2\/taxonomies\/post_tag"}],"wp:post_type":[{"href":"https:\/\/blogdoedvaldomagalhaes.com.br\/index.php\/wp-json\/wp\/v2\/posts?tags=34347"}],"curies":[{"name":"wp","href":"https:\/\/api.w.org\/{rel}","templated":true}]}}