{"id":34328,"count":1,"description":"","link":"https:\/\/blogdoedvaldomagalhaes.com.br\/index.php\/tag\/calcada-da-avenida-lourival-jose-da-silva-fica-livre-para-circulacao-de-pedestre-e-compradores-na-feira-da-moda-de-caruaru\/","name":"Cal\u00e7ada da Avenida Lourival Jos\u00e9 da Silva fica livre para circula\u00e7\u00e3o de pedestre e compradores na Feira da Moda de Caruaru","slug":"calcada-da-avenida-lourival-jose-da-silva-fica-livre-para-circulacao-de-pedestre-e-compradores-na-feira-da-moda-de-caruaru","taxonomy":"post_tag","meta":[],"_links":{"self":[{"href":"https:\/\/blogdoedvaldomagalhaes.com.br\/index.php\/wp-json\/wp\/v2\/tags\/34328","targetHints":{"allow":["GET"]}}],"collection":[{"href":"https:\/\/blogdoedvaldomagalhaes.com.br\/index.php\/wp-json\/wp\/v2\/tags"}],"about":[{"href":"https:\/\/blogdoedvaldomagalhaes.com.br\/index.php\/wp-json\/wp\/v2\/taxonomies\/post_tag"}],"wp:post_type":[{"href":"https:\/\/blogdoedvaldomagalhaes.com.br\/index.php\/wp-json\/wp\/v2\/posts?tags=34328"}],"curies":[{"name":"wp","href":"https:\/\/api.w.org\/{rel}","templated":true}]}}