{"id":34244,"count":1,"description":"","link":"https:\/\/blogdoedvaldomagalhaes.com.br\/index.php\/tag\/caruaru-sedia-a-4a-conferencia-municipal-de-politicas-para-as-mulheres-na-proxima-sexta-feira-25\/","name":"Caruaru sedia a 4\u00aa Confer\u00eancia Municipal de Pol\u00edticas para as Mulheres na pr\u00f3xima sexta-feira (25)","slug":"caruaru-sedia-a-4a-conferencia-municipal-de-politicas-para-as-mulheres-na-proxima-sexta-feira-25","taxonomy":"post_tag","meta":[],"_links":{"self":[{"href":"https:\/\/blogdoedvaldomagalhaes.com.br\/index.php\/wp-json\/wp\/v2\/tags\/34244","targetHints":{"allow":["GET"]}}],"collection":[{"href":"https:\/\/blogdoedvaldomagalhaes.com.br\/index.php\/wp-json\/wp\/v2\/tags"}],"about":[{"href":"https:\/\/blogdoedvaldomagalhaes.com.br\/index.php\/wp-json\/wp\/v2\/taxonomies\/post_tag"}],"wp:post_type":[{"href":"https:\/\/blogdoedvaldomagalhaes.com.br\/index.php\/wp-json\/wp\/v2\/posts?tags=34244"}],"curies":[{"name":"wp","href":"https:\/\/api.w.org\/{rel}","templated":true}]}}