{"id":33835,"count":1,"description":"","link":"https:\/\/blogdoedvaldomagalhaes.com.br\/index.php\/tag\/peregrinos-da-obra-de-maria-vivem-a-emocao-da-vigilia-de-pentecostes-com-o-papa-leao-xiv\/","name":"Peregrinos da Obra de Maria vivem a emo\u00e7\u00e3o da Vig\u00edlia de Pentecostes com o Papa Le\u00e3o XIV","slug":"peregrinos-da-obra-de-maria-vivem-a-emocao-da-vigilia-de-pentecostes-com-o-papa-leao-xiv","taxonomy":"post_tag","meta":[],"_links":{"self":[{"href":"https:\/\/blogdoedvaldomagalhaes.com.br\/index.php\/wp-json\/wp\/v2\/tags\/33835","targetHints":{"allow":["GET"]}}],"collection":[{"href":"https:\/\/blogdoedvaldomagalhaes.com.br\/index.php\/wp-json\/wp\/v2\/tags"}],"about":[{"href":"https:\/\/blogdoedvaldomagalhaes.com.br\/index.php\/wp-json\/wp\/v2\/taxonomies\/post_tag"}],"wp:post_type":[{"href":"https:\/\/blogdoedvaldomagalhaes.com.br\/index.php\/wp-json\/wp\/v2\/posts?tags=33835"}],"curies":[{"name":"wp","href":"https:\/\/api.w.org\/{rel}","templated":true}]}}