{"id":33773,"count":1,"description":"","link":"https:\/\/blogdoedvaldomagalhaes.com.br\/index.php\/tag\/compesa-inaugura-instalacao-sensorial-sobre-a-emergencia-climatica-em-alusao-a-semana-do-meio-ambiente\/","name":"COMPESA INAUGURA INSTALA\u00c7\u00c3O SENSORIAL SOBRE A EMERG\u00caNCIA CLIM\u00c1TICA EM ALUS\u00c3O \u00c0 SEMANA DO MEIO AMBIENTE","slug":"compesa-inaugura-instalacao-sensorial-sobre-a-emergencia-climatica-em-alusao-a-semana-do-meio-ambiente","taxonomy":"post_tag","meta":[],"_links":{"self":[{"href":"https:\/\/blogdoedvaldomagalhaes.com.br\/index.php\/wp-json\/wp\/v2\/tags\/33773","targetHints":{"allow":["GET"]}}],"collection":[{"href":"https:\/\/blogdoedvaldomagalhaes.com.br\/index.php\/wp-json\/wp\/v2\/tags"}],"about":[{"href":"https:\/\/blogdoedvaldomagalhaes.com.br\/index.php\/wp-json\/wp\/v2\/taxonomies\/post_tag"}],"wp:post_type":[{"href":"https:\/\/blogdoedvaldomagalhaes.com.br\/index.php\/wp-json\/wp\/v2\/posts?tags=33773"}],"curies":[{"name":"wp","href":"https:\/\/api.w.org\/{rel}","templated":true}]}}