{"id":33728,"count":1,"description":"","link":"https:\/\/blogdoedvaldomagalhaes.com.br\/index.php\/tag\/caruaru-inaugura-segunda-cozinha-comunitaria-e-reforca-compromisso-no-combate-a-fome-no-municipio\/","name":"Caruaru inaugura segunda Cozinha Comunit\u00e1ria e refor\u00e7a compromisso no combate \u00e0 fome no munic\u00edpio","slug":"caruaru-inaugura-segunda-cozinha-comunitaria-e-reforca-compromisso-no-combate-a-fome-no-municipio","taxonomy":"post_tag","meta":[],"_links":{"self":[{"href":"https:\/\/blogdoedvaldomagalhaes.com.br\/index.php\/wp-json\/wp\/v2\/tags\/33728","targetHints":{"allow":["GET"]}}],"collection":[{"href":"https:\/\/blogdoedvaldomagalhaes.com.br\/index.php\/wp-json\/wp\/v2\/tags"}],"about":[{"href":"https:\/\/blogdoedvaldomagalhaes.com.br\/index.php\/wp-json\/wp\/v2\/taxonomies\/post_tag"}],"wp:post_type":[{"href":"https:\/\/blogdoedvaldomagalhaes.com.br\/index.php\/wp-json\/wp\/v2\/posts?tags=33728"}],"curies":[{"name":"wp","href":"https:\/\/api.w.org\/{rel}","templated":true}]}}