{"id":33725,"count":1,"description":"","link":"https:\/\/blogdoedvaldomagalhaes.com.br\/index.php\/tag\/sao-joao-de-caruaru-chega-a-area-urbana-com-atracoes-locais-e-nacionais-e-expectativa-de-4-milhoes-de-visitantes\/","name":"S\u00e3o Jo\u00e3o de Caruaru chega \u00e0 \u00e1rea urbana com atra\u00e7\u00f5es locais e nacionais e expectativa de 4 milh\u00f5es de visitantes","slug":"sao-joao-de-caruaru-chega-a-area-urbana-com-atracoes-locais-e-nacionais-e-expectativa-de-4-milhoes-de-visitantes","taxonomy":"post_tag","meta":[],"_links":{"self":[{"href":"https:\/\/blogdoedvaldomagalhaes.com.br\/index.php\/wp-json\/wp\/v2\/tags\/33725","targetHints":{"allow":["GET"]}}],"collection":[{"href":"https:\/\/blogdoedvaldomagalhaes.com.br\/index.php\/wp-json\/wp\/v2\/tags"}],"about":[{"href":"https:\/\/blogdoedvaldomagalhaes.com.br\/index.php\/wp-json\/wp\/v2\/taxonomies\/post_tag"}],"wp:post_type":[{"href":"https:\/\/blogdoedvaldomagalhaes.com.br\/index.php\/wp-json\/wp\/v2\/posts?tags=33725"}],"curies":[{"name":"wp","href":"https:\/\/api.w.org\/{rel}","templated":true}]}}