{"id":33653,"count":1,"description":"","link":"https:\/\/blogdoedvaldomagalhaes.com.br\/index.php\/tag\/um-fim-de-semana-de-emocao-e-gratidao-festa-das-maes-no-bairro-agamenon-magalhaes-com-o-centro-social-caruaru-e-o-vereador-junior-letal-foi-um-sucesso\/","name":"Um fim de semana de Emo\u00e7\u00e3o e Gratid\u00e3o: Festa das M\u00e3es no Bairro Agamenon Magalh\u00e3es com o Centro Social Caruaru e o Vereador J\u00fanior Letal foi um sucesso","slug":"um-fim-de-semana-de-emocao-e-gratidao-festa-das-maes-no-bairro-agamenon-magalhaes-com-o-centro-social-caruaru-e-o-vereador-junior-letal-foi-um-sucesso","taxonomy":"post_tag","meta":[],"_links":{"self":[{"href":"https:\/\/blogdoedvaldomagalhaes.com.br\/index.php\/wp-json\/wp\/v2\/tags\/33653","targetHints":{"allow":["GET"]}}],"collection":[{"href":"https:\/\/blogdoedvaldomagalhaes.com.br\/index.php\/wp-json\/wp\/v2\/tags"}],"about":[{"href":"https:\/\/blogdoedvaldomagalhaes.com.br\/index.php\/wp-json\/wp\/v2\/taxonomies\/post_tag"}],"wp:post_type":[{"href":"https:\/\/blogdoedvaldomagalhaes.com.br\/index.php\/wp-json\/wp\/v2\/posts?tags=33653"}],"curies":[{"name":"wp","href":"https:\/\/api.w.org\/{rel}","templated":true}]}}