{"id":33512,"count":1,"description":"","link":"https:\/\/blogdoedvaldomagalhaes.com.br\/index.php\/tag\/vila-jua-inicia-segunda-semana-de-sao-joao-da-roca-confira-a-programacao-nestes-sabado-03-e-domingo-04\/","name":"Vila Ju\u00e1 inicia segunda semana de S\u00e3o Jo\u00e3o da Ro\u00e7a; Confira a programa\u00e7\u00e3o nestes s\u00e1bado (03) e domingo (04)","slug":"vila-jua-inicia-segunda-semana-de-sao-joao-da-roca-confira-a-programacao-nestes-sabado-03-e-domingo-04","taxonomy":"post_tag","meta":[],"_links":{"self":[{"href":"https:\/\/blogdoedvaldomagalhaes.com.br\/index.php\/wp-json\/wp\/v2\/tags\/33512","targetHints":{"allow":["GET"]}}],"collection":[{"href":"https:\/\/blogdoedvaldomagalhaes.com.br\/index.php\/wp-json\/wp\/v2\/tags"}],"about":[{"href":"https:\/\/blogdoedvaldomagalhaes.com.br\/index.php\/wp-json\/wp\/v2\/taxonomies\/post_tag"}],"wp:post_type":[{"href":"https:\/\/blogdoedvaldomagalhaes.com.br\/index.php\/wp-json\/wp\/v2\/posts?tags=33512"}],"curies":[{"name":"wp","href":"https:\/\/api.w.org\/{rel}","templated":true}]}}