{"id":33409,"count":1,"description":"","link":"https:\/\/blogdoedvaldomagalhaes.com.br\/index.php\/tag\/acusado-de-ameacar-esposa-e-filho-de-02-anos-durante-viagem-de-onibus-para-caruaru-e-preso-com-revolver\/","name":"Acusado de amea\u00e7ar esposa e filho de 02 anos durante viagem de \u00f4nibus para Caruaru \u00e9 preso com rev\u00f3lver","slug":"acusado-de-ameacar-esposa-e-filho-de-02-anos-durante-viagem-de-onibus-para-caruaru-e-preso-com-revolver","taxonomy":"post_tag","meta":[],"_links":{"self":[{"href":"https:\/\/blogdoedvaldomagalhaes.com.br\/index.php\/wp-json\/wp\/v2\/tags\/33409","targetHints":{"allow":["GET"]}}],"collection":[{"href":"https:\/\/blogdoedvaldomagalhaes.com.br\/index.php\/wp-json\/wp\/v2\/tags"}],"about":[{"href":"https:\/\/blogdoedvaldomagalhaes.com.br\/index.php\/wp-json\/wp\/v2\/taxonomies\/post_tag"}],"wp:post_type":[{"href":"https:\/\/blogdoedvaldomagalhaes.com.br\/index.php\/wp-json\/wp\/v2\/posts?tags=33409"}],"curies":[{"name":"wp","href":"https:\/\/api.w.org\/{rel}","templated":true}]}}