{"id":3322,"count":1,"description":"","link":"https:\/\/blogdoedvaldomagalhaes.com.br\/index.php\/tag\/governo-paulo-camara-pede-a-liberacao-de-mais-de-68-milhoes-de-reais-para-a-adutora-do-agreste\/","name":"Governo Paulo C\u00e2mara pede a libera\u00e7\u00e3o de mais de 68 milh\u00f5es de reais para a Adutora do Agreste","slug":"governo-paulo-camara-pede-a-liberacao-de-mais-de-68-milhoes-de-reais-para-a-adutora-do-agreste","taxonomy":"post_tag","meta":[],"_links":{"self":[{"href":"https:\/\/blogdoedvaldomagalhaes.com.br\/index.php\/wp-json\/wp\/v2\/tags\/3322","targetHints":{"allow":["GET"]}}],"collection":[{"href":"https:\/\/blogdoedvaldomagalhaes.com.br\/index.php\/wp-json\/wp\/v2\/tags"}],"about":[{"href":"https:\/\/blogdoedvaldomagalhaes.com.br\/index.php\/wp-json\/wp\/v2\/taxonomies\/post_tag"}],"wp:post_type":[{"href":"https:\/\/blogdoedvaldomagalhaes.com.br\/index.php\/wp-json\/wp\/v2\/posts?tags=3322"}],"curies":[{"name":"wp","href":"https:\/\/api.w.org\/{rel}","templated":true}]}}