{"id":33121,"count":1,"description":"","link":"https:\/\/blogdoedvaldomagalhaes.com.br\/index.php\/tag\/caruaru-lanca-campanha-imposto-de-renda-com-solidariedade-para-apoiar-politicas-publicas-voltadas-a-pessoa-idosa\/","name":"Caruaru lan\u00e7a campanha Imposto de Renda com Solidariedade para apoiar pol\u00edticas p\u00fablicas voltadas \u00e0 pessoa idosa","slug":"caruaru-lanca-campanha-imposto-de-renda-com-solidariedade-para-apoiar-politicas-publicas-voltadas-a-pessoa-idosa","taxonomy":"post_tag","meta":[],"_links":{"self":[{"href":"https:\/\/blogdoedvaldomagalhaes.com.br\/index.php\/wp-json\/wp\/v2\/tags\/33121","targetHints":{"allow":["GET"]}}],"collection":[{"href":"https:\/\/blogdoedvaldomagalhaes.com.br\/index.php\/wp-json\/wp\/v2\/tags"}],"about":[{"href":"https:\/\/blogdoedvaldomagalhaes.com.br\/index.php\/wp-json\/wp\/v2\/taxonomies\/post_tag"}],"wp:post_type":[{"href":"https:\/\/blogdoedvaldomagalhaes.com.br\/index.php\/wp-json\/wp\/v2\/posts?tags=33121"}],"curies":[{"name":"wp","href":"https:\/\/api.w.org\/{rel}","templated":true}]}}