{"id":32816,"count":1,"description":"","link":"https:\/\/blogdoedvaldomagalhaes.com.br\/index.php\/tag\/compesa-reune-moradores-da-rua-severino-felix-dos-santos-e-estabelece-prazo-para-pagamento-das-indenizacoes\/","name":"Compesa re\u00fane moradores da rua Severino F\u00e9lix dos Santos e estabelece prazo para pagamento das indeniza\u00e7\u00f5es","slug":"compesa-reune-moradores-da-rua-severino-felix-dos-santos-e-estabelece-prazo-para-pagamento-das-indenizacoes","taxonomy":"post_tag","meta":[],"_links":{"self":[{"href":"https:\/\/blogdoedvaldomagalhaes.com.br\/index.php\/wp-json\/wp\/v2\/tags\/32816","targetHints":{"allow":["GET"]}}],"collection":[{"href":"https:\/\/blogdoedvaldomagalhaes.com.br\/index.php\/wp-json\/wp\/v2\/tags"}],"about":[{"href":"https:\/\/blogdoedvaldomagalhaes.com.br\/index.php\/wp-json\/wp\/v2\/taxonomies\/post_tag"}],"wp:post_type":[{"href":"https:\/\/blogdoedvaldomagalhaes.com.br\/index.php\/wp-json\/wp\/v2\/posts?tags=32816"}],"curies":[{"name":"wp","href":"https:\/\/api.w.org\/{rel}","templated":true}]}}