{"id":32589,"count":1,"description":"","link":"https:\/\/blogdoedvaldomagalhaes.com.br\/index.php\/tag\/prefeitura-de-caruaru-abre-processo-para-realizacao-de-matriculas-para-a-educacao-de-jovens-e-adultos-eja\/","name":"Prefeitura de Caruaru abre processo para realiza\u00e7\u00e3o de matr\u00edculas para a Educa\u00e7\u00e3o de Jovens e Adultos (EJA)","slug":"prefeitura-de-caruaru-abre-processo-para-realizacao-de-matriculas-para-a-educacao-de-jovens-e-adultos-eja","taxonomy":"post_tag","meta":[],"_links":{"self":[{"href":"https:\/\/blogdoedvaldomagalhaes.com.br\/index.php\/wp-json\/wp\/v2\/tags\/32589","targetHints":{"allow":["GET"]}}],"collection":[{"href":"https:\/\/blogdoedvaldomagalhaes.com.br\/index.php\/wp-json\/wp\/v2\/tags"}],"about":[{"href":"https:\/\/blogdoedvaldomagalhaes.com.br\/index.php\/wp-json\/wp\/v2\/taxonomies\/post_tag"}],"wp:post_type":[{"href":"https:\/\/blogdoedvaldomagalhaes.com.br\/index.php\/wp-json\/wp\/v2\/posts?tags=32589"}],"curies":[{"name":"wp","href":"https:\/\/api.w.org\/{rel}","templated":true}]}}