{"id":32585,"count":1,"description":"","link":"https:\/\/blogdoedvaldomagalhaes.com.br\/index.php\/tag\/imoa-pe-e-parceiros-promovem-acao-social-de-saude-para-familias-acompanhadas-pelo-instituto\/","name":"IMOA-PE e parceiros promovem A\u00e7\u00e3o Social de Sa\u00fade para fam\u00edlias acompanhadas pelo Instituto","slug":"imoa-pe-e-parceiros-promovem-acao-social-de-saude-para-familias-acompanhadas-pelo-instituto","taxonomy":"post_tag","meta":[],"_links":{"self":[{"href":"https:\/\/blogdoedvaldomagalhaes.com.br\/index.php\/wp-json\/wp\/v2\/tags\/32585","targetHints":{"allow":["GET"]}}],"collection":[{"href":"https:\/\/blogdoedvaldomagalhaes.com.br\/index.php\/wp-json\/wp\/v2\/tags"}],"about":[{"href":"https:\/\/blogdoedvaldomagalhaes.com.br\/index.php\/wp-json\/wp\/v2\/taxonomies\/post_tag"}],"wp:post_type":[{"href":"https:\/\/blogdoedvaldomagalhaes.com.br\/index.php\/wp-json\/wp\/v2\/posts?tags=32585"}],"curies":[{"name":"wp","href":"https:\/\/api.w.org\/{rel}","templated":true}]}}