{"id":32196,"count":1,"description":"","link":"https:\/\/blogdoedvaldomagalhaes.com.br\/index.php\/tag\/juntos-pela-seguranca-governo-de-pernambuco-leva-programa-de-qualificacao-profissional-para-presidios-do-estado\/","name":"Juntos pela Seguran\u00e7a: Governo de Pernambuco leva programa de qualifica\u00e7\u00e3o profissional para pres\u00eddios do Estado","slug":"juntos-pela-seguranca-governo-de-pernambuco-leva-programa-de-qualificacao-profissional-para-presidios-do-estado","taxonomy":"post_tag","meta":[],"_links":{"self":[{"href":"https:\/\/blogdoedvaldomagalhaes.com.br\/index.php\/wp-json\/wp\/v2\/tags\/32196","targetHints":{"allow":["GET"]}}],"collection":[{"href":"https:\/\/blogdoedvaldomagalhaes.com.br\/index.php\/wp-json\/wp\/v2\/tags"}],"about":[{"href":"https:\/\/blogdoedvaldomagalhaes.com.br\/index.php\/wp-json\/wp\/v2\/taxonomies\/post_tag"}],"wp:post_type":[{"href":"https:\/\/blogdoedvaldomagalhaes.com.br\/index.php\/wp-json\/wp\/v2\/posts?tags=32196"}],"curies":[{"name":"wp","href":"https:\/\/api.w.org\/{rel}","templated":true}]}}