{"id":32123,"count":1,"description":"","link":"https:\/\/blogdoedvaldomagalhaes.com.br\/index.php\/tag\/colisao-entre-carro-e-caminhao-crianca-morre-mae-e-dois-filhos-sao-escoltados-pela-prf-ate-recife\/","name":"Colis\u00e3o entre carro e caminh\u00e3o: crian\u00e7a morre m\u00e3e e dois filhos s\u00e3o escoltados pela PRF at\u00e9 Recife","slug":"colisao-entre-carro-e-caminhao-crianca-morre-mae-e-dois-filhos-sao-escoltados-pela-prf-ate-recife","taxonomy":"post_tag","meta":[],"_links":{"self":[{"href":"https:\/\/blogdoedvaldomagalhaes.com.br\/index.php\/wp-json\/wp\/v2\/tags\/32123","targetHints":{"allow":["GET"]}}],"collection":[{"href":"https:\/\/blogdoedvaldomagalhaes.com.br\/index.php\/wp-json\/wp\/v2\/tags"}],"about":[{"href":"https:\/\/blogdoedvaldomagalhaes.com.br\/index.php\/wp-json\/wp\/v2\/taxonomies\/post_tag"}],"wp:post_type":[{"href":"https:\/\/blogdoedvaldomagalhaes.com.br\/index.php\/wp-json\/wp\/v2\/posts?tags=32123"}],"curies":[{"name":"wp","href":"https:\/\/api.w.org\/{rel}","templated":true}]}}