{"id":32040,"count":1,"description":"","link":"https:\/\/blogdoedvaldomagalhaes.com.br\/index.php\/tag\/em-portugal-governadora-raquel-lyra-cumpre-agenda-com-o-secretario-de-estado-das-comunidades-portuguesas-jose-cesario-para-fortalecimento-da-relacao-bilateral\/","name":"Em Portugal governadora Raquel Lyra cumpre agenda com o secret\u00e1rio de Estado das Comunidades Portuguesas Jos\u00e9 Ces\u00e1rio para fortalecimento da rela\u00e7\u00e3o bilateral","slug":"em-portugal-governadora-raquel-lyra-cumpre-agenda-com-o-secretario-de-estado-das-comunidades-portuguesas-jose-cesario-para-fortalecimento-da-relacao-bilateral","taxonomy":"post_tag","meta":[],"_links":{"self":[{"href":"https:\/\/blogdoedvaldomagalhaes.com.br\/index.php\/wp-json\/wp\/v2\/tags\/32040","targetHints":{"allow":["GET"]}}],"collection":[{"href":"https:\/\/blogdoedvaldomagalhaes.com.br\/index.php\/wp-json\/wp\/v2\/tags"}],"about":[{"href":"https:\/\/blogdoedvaldomagalhaes.com.br\/index.php\/wp-json\/wp\/v2\/taxonomies\/post_tag"}],"wp:post_type":[{"href":"https:\/\/blogdoedvaldomagalhaes.com.br\/index.php\/wp-json\/wp\/v2\/posts?tags=32040"}],"curies":[{"name":"wp","href":"https:\/\/api.w.org\/{rel}","templated":true}]}}