{"id":32005,"count":1,"description":"","link":"https:\/\/blogdoedvaldomagalhaes.com.br\/index.php\/tag\/governadora-raquel-lyra-comanda-evento-em-homenagem-aos-servidores-estaduais-e-anuncia-que-salarios-serao-pagos-antecipadamente-na-proxima-segunda-feira-28\/","name":"Governadora Raquel Lyra comanda evento em homenagem aos servidores estaduais e anuncia que sal\u00e1rios ser\u00e3o pagos antecipadamente na pr\u00f3xima segunda-feira (28)","slug":"governadora-raquel-lyra-comanda-evento-em-homenagem-aos-servidores-estaduais-e-anuncia-que-salarios-serao-pagos-antecipadamente-na-proxima-segunda-feira-28","taxonomy":"post_tag","meta":[],"_links":{"self":[{"href":"https:\/\/blogdoedvaldomagalhaes.com.br\/index.php\/wp-json\/wp\/v2\/tags\/32005","targetHints":{"allow":["GET"]}}],"collection":[{"href":"https:\/\/blogdoedvaldomagalhaes.com.br\/index.php\/wp-json\/wp\/v2\/tags"}],"about":[{"href":"https:\/\/blogdoedvaldomagalhaes.com.br\/index.php\/wp-json\/wp\/v2\/taxonomies\/post_tag"}],"wp:post_type":[{"href":"https:\/\/blogdoedvaldomagalhaes.com.br\/index.php\/wp-json\/wp\/v2\/posts?tags=32005"}],"curies":[{"name":"wp","href":"https:\/\/api.w.org\/{rel}","templated":true}]}}