{"id":3178,"count":1,"description":"","link":"https:\/\/blogdoedvaldomagalhaes.com.br\/index.php\/tag\/piso-salarial-dos-professores-e-caruaruprev-em-votacao-na-reuniao-ordinaria-da-camara-de-caruaru-nesta-quarta-feira\/","name":"Piso salarial dos professores e CaruaruPrev em vota\u00e7\u00e3o na reuni\u00e3o ordin\u00e1ria da C\u00e2mara de Caruaru nesta quarta-feira","slug":"piso-salarial-dos-professores-e-caruaruprev-em-votacao-na-reuniao-ordinaria-da-camara-de-caruaru-nesta-quarta-feira","taxonomy":"post_tag","meta":[],"_links":{"self":[{"href":"https:\/\/blogdoedvaldomagalhaes.com.br\/index.php\/wp-json\/wp\/v2\/tags\/3178","targetHints":{"allow":["GET"]}}],"collection":[{"href":"https:\/\/blogdoedvaldomagalhaes.com.br\/index.php\/wp-json\/wp\/v2\/tags"}],"about":[{"href":"https:\/\/blogdoedvaldomagalhaes.com.br\/index.php\/wp-json\/wp\/v2\/taxonomies\/post_tag"}],"wp:post_type":[{"href":"https:\/\/blogdoedvaldomagalhaes.com.br\/index.php\/wp-json\/wp\/v2\/posts?tags=3178"}],"curies":[{"name":"wp","href":"https:\/\/api.w.org\/{rel}","templated":true}]}}