{"id":31682,"count":1,"description":"","link":"https:\/\/blogdoedvaldomagalhaes.com.br\/index.php\/tag\/fotografo-antonio-preggo-presenteia-caruaru-com-exposicao-eu-e-minha-amiga-barriguda\/","name":"Fot\u00f3grafo Antonio Preggo presenteia Caruaru com exposi\u00e7\u00e3o \u201cEu e Minha Amiga Barriguda\u201d","slug":"fotografo-antonio-preggo-presenteia-caruaru-com-exposicao-eu-e-minha-amiga-barriguda","taxonomy":"post_tag","meta":[],"_links":{"self":[{"href":"https:\/\/blogdoedvaldomagalhaes.com.br\/index.php\/wp-json\/wp\/v2\/tags\/31682","targetHints":{"allow":["GET"]}}],"collection":[{"href":"https:\/\/blogdoedvaldomagalhaes.com.br\/index.php\/wp-json\/wp\/v2\/tags"}],"about":[{"href":"https:\/\/blogdoedvaldomagalhaes.com.br\/index.php\/wp-json\/wp\/v2\/taxonomies\/post_tag"}],"wp:post_type":[{"href":"https:\/\/blogdoedvaldomagalhaes.com.br\/index.php\/wp-json\/wp\/v2\/posts?tags=31682"}],"curies":[{"name":"wp","href":"https:\/\/api.w.org\/{rel}","templated":true}]}}