{"id":31668,"count":1,"description":"","link":"https:\/\/blogdoedvaldomagalhaes.com.br\/index.php\/tag\/prefeitura-de-caruaru-recebe-sua-primeira-cozinha-comunitaria-com-implantacao-no-dia-20-de-setembro\/","name":"Prefeitura de Caruaru recebe sua primeira Cozinha Comunit\u00e1ria com implanta\u00e7\u00e3o no dia 20 de setembro","slug":"prefeitura-de-caruaru-recebe-sua-primeira-cozinha-comunitaria-com-implantacao-no-dia-20-de-setembro","taxonomy":"post_tag","meta":[],"_links":{"self":[{"href":"https:\/\/blogdoedvaldomagalhaes.com.br\/index.php\/wp-json\/wp\/v2\/tags\/31668","targetHints":{"allow":["GET"]}}],"collection":[{"href":"https:\/\/blogdoedvaldomagalhaes.com.br\/index.php\/wp-json\/wp\/v2\/tags"}],"about":[{"href":"https:\/\/blogdoedvaldomagalhaes.com.br\/index.php\/wp-json\/wp\/v2\/taxonomies\/post_tag"}],"wp:post_type":[{"href":"https:\/\/blogdoedvaldomagalhaes.com.br\/index.php\/wp-json\/wp\/v2\/posts?tags=31668"}],"curies":[{"name":"wp","href":"https:\/\/api.w.org\/{rel}","templated":true}]}}