{"id":31665,"count":1,"description":"","link":"https:\/\/blogdoedvaldomagalhaes.com.br\/index.php\/tag\/rodrigo-pinheiro-ressalta-a-alta-geracao-de-emprego-e-renda-em-caruaru-e-anuncia-implantacao-do-polo-de-desenvolvimento-textil-do-agreste\/","name":"Rodrigo Pinheiro ressalta a alta gera\u00e7\u00e3o de emprego e renda em Caruaru e anuncia implanta\u00e7\u00e3o do Polo de Desenvolvimento T\u00eaxtil do Agreste","slug":"rodrigo-pinheiro-ressalta-a-alta-geracao-de-emprego-e-renda-em-caruaru-e-anuncia-implantacao-do-polo-de-desenvolvimento-textil-do-agreste","taxonomy":"post_tag","meta":[],"_links":{"self":[{"href":"https:\/\/blogdoedvaldomagalhaes.com.br\/index.php\/wp-json\/wp\/v2\/tags\/31665","targetHints":{"allow":["GET"]}}],"collection":[{"href":"https:\/\/blogdoedvaldomagalhaes.com.br\/index.php\/wp-json\/wp\/v2\/tags"}],"about":[{"href":"https:\/\/blogdoedvaldomagalhaes.com.br\/index.php\/wp-json\/wp\/v2\/taxonomies\/post_tag"}],"wp:post_type":[{"href":"https:\/\/blogdoedvaldomagalhaes.com.br\/index.php\/wp-json\/wp\/v2\/posts?tags=31665"}],"curies":[{"name":"wp","href":"https:\/\/api.w.org\/{rel}","templated":true}]}}