{"id":31442,"count":1,"description":"","link":"https:\/\/blogdoedvaldomagalhaes.com.br\/index.php\/tag\/governadora-raquel-lyra-prestigia-festival-do-frio-do-vitorino-e-anuncia-obras-de-pavimentacao-de-estrada-no-municipio\/","name":"governadora Raquel Lyra prestigia Festival do Frio do Vitorino e anuncia obras de pavimenta\u00e7\u00e3o de estrada no munic\u00edpio","slug":"governadora-raquel-lyra-prestigia-festival-do-frio-do-vitorino-e-anuncia-obras-de-pavimentacao-de-estrada-no-municipio","taxonomy":"post_tag","meta":[],"_links":{"self":[{"href":"https:\/\/blogdoedvaldomagalhaes.com.br\/index.php\/wp-json\/wp\/v2\/tags\/31442","targetHints":{"allow":["GET"]}}],"collection":[{"href":"https:\/\/blogdoedvaldomagalhaes.com.br\/index.php\/wp-json\/wp\/v2\/tags"}],"about":[{"href":"https:\/\/blogdoedvaldomagalhaes.com.br\/index.php\/wp-json\/wp\/v2\/taxonomies\/post_tag"}],"wp:post_type":[{"href":"https:\/\/blogdoedvaldomagalhaes.com.br\/index.php\/wp-json\/wp\/v2\/posts?tags=31442"}],"curies":[{"name":"wp","href":"https:\/\/api.w.org\/{rel}","templated":true}]}}