{"id":31126,"count":1,"description":"","link":"https:\/\/blogdoedvaldomagalhaes.com.br\/index.php\/tag\/governadora-raquel-lyra-entrega-veiculos-para-reforcar-combate-a-violencia-contra-mulher-e-fortalecer-operacao-lei-seca\/","name":"Governadora Raquel Lyra entrega ve\u00edculos para refor\u00e7ar combate \u00e0 viol\u00eancia contra mulher e fortalecer Opera\u00e7\u00e3o Lei Seca","slug":"governadora-raquel-lyra-entrega-veiculos-para-reforcar-combate-a-violencia-contra-mulher-e-fortalecer-operacao-lei-seca","taxonomy":"post_tag","meta":[],"_links":{"self":[{"href":"https:\/\/blogdoedvaldomagalhaes.com.br\/index.php\/wp-json\/wp\/v2\/tags\/31126","targetHints":{"allow":["GET"]}}],"collection":[{"href":"https:\/\/blogdoedvaldomagalhaes.com.br\/index.php\/wp-json\/wp\/v2\/tags"}],"about":[{"href":"https:\/\/blogdoedvaldomagalhaes.com.br\/index.php\/wp-json\/wp\/v2\/taxonomies\/post_tag"}],"wp:post_type":[{"href":"https:\/\/blogdoedvaldomagalhaes.com.br\/index.php\/wp-json\/wp\/v2\/posts?tags=31126"}],"curies":[{"name":"wp","href":"https:\/\/api.w.org\/{rel}","templated":true}]}}