{"id":31110,"count":1,"description":"","link":"https:\/\/blogdoedvaldomagalhaes.com.br\/index.php\/tag\/idoso-desaparece-no-dia-do-aniversario-e-e-localizado-apos-3-dias-pela-prf-em-sertania\/","name":"Idoso desaparece no dia do anivers\u00e1rio e \u00e9 localizado ap\u00f3s 3 dias pela PRF em Sert\u00e2nia","slug":"idoso-desaparece-no-dia-do-aniversario-e-e-localizado-apos-3-dias-pela-prf-em-sertania","taxonomy":"post_tag","meta":[],"_links":{"self":[{"href":"https:\/\/blogdoedvaldomagalhaes.com.br\/index.php\/wp-json\/wp\/v2\/tags\/31110","targetHints":{"allow":["GET"]}}],"collection":[{"href":"https:\/\/blogdoedvaldomagalhaes.com.br\/index.php\/wp-json\/wp\/v2\/tags"}],"about":[{"href":"https:\/\/blogdoedvaldomagalhaes.com.br\/index.php\/wp-json\/wp\/v2\/taxonomies\/post_tag"}],"wp:post_type":[{"href":"https:\/\/blogdoedvaldomagalhaes.com.br\/index.php\/wp-json\/wp\/v2\/posts?tags=31110"}],"curies":[{"name":"wp","href":"https:\/\/api.w.org\/{rel}","templated":true}]}}