{"id":31014,"count":1,"description":"","link":"https:\/\/blogdoedvaldomagalhaes.com.br\/index.php\/tag\/operacoes-aereas-prf-se-prepara-para-combate-a-incendio-transporte-de-carga-externa-e-resgate-no-mar\/","name":"Opera\u00e7\u00f5es a\u00e9reas: PRF se prepara para combate a inc\u00eandio transporte de carga externa e resgate no mar","slug":"operacoes-aereas-prf-se-prepara-para-combate-a-incendio-transporte-de-carga-externa-e-resgate-no-mar","taxonomy":"post_tag","meta":[],"_links":{"self":[{"href":"https:\/\/blogdoedvaldomagalhaes.com.br\/index.php\/wp-json\/wp\/v2\/tags\/31014","targetHints":{"allow":["GET"]}}],"collection":[{"href":"https:\/\/blogdoedvaldomagalhaes.com.br\/index.php\/wp-json\/wp\/v2\/tags"}],"about":[{"href":"https:\/\/blogdoedvaldomagalhaes.com.br\/index.php\/wp-json\/wp\/v2\/taxonomies\/post_tag"}],"wp:post_type":[{"href":"https:\/\/blogdoedvaldomagalhaes.com.br\/index.php\/wp-json\/wp\/v2\/posts?tags=31014"}],"curies":[{"name":"wp","href":"https:\/\/api.w.org\/{rel}","templated":true}]}}