{"id":30999,"count":1,"description":"","link":"https:\/\/blogdoedvaldomagalhaes.com.br\/index.php\/tag\/jadiel-junior-inicia-periodo-de-licenca-na-ocupacao-de-servidor-publico-para-atividades-politicas\/","name":"Jadiel J\u00fanior inicia per\u00edodo de licen\u00e7a na ocupa\u00e7\u00e3o de servidor p\u00fablico para atividades pol\u00edticas","slug":"jadiel-junior-inicia-periodo-de-licenca-na-ocupacao-de-servidor-publico-para-atividades-politicas","taxonomy":"post_tag","meta":[],"_links":{"self":[{"href":"https:\/\/blogdoedvaldomagalhaes.com.br\/index.php\/wp-json\/wp\/v2\/tags\/30999","targetHints":{"allow":["GET"]}}],"collection":[{"href":"https:\/\/blogdoedvaldomagalhaes.com.br\/index.php\/wp-json\/wp\/v2\/tags"}],"about":[{"href":"https:\/\/blogdoedvaldomagalhaes.com.br\/index.php\/wp-json\/wp\/v2\/taxonomies\/post_tag"}],"wp:post_type":[{"href":"https:\/\/blogdoedvaldomagalhaes.com.br\/index.php\/wp-json\/wp\/v2\/posts?tags=30999"}],"curies":[{"name":"wp","href":"https:\/\/api.w.org\/{rel}","templated":true}]}}