{"id":30930,"count":1,"description":"","link":"https:\/\/blogdoedvaldomagalhaes.com.br\/index.php\/tag\/feiras-livres-e-mercados-publicos-funcionarao-normalmente-neste-sabado-29-dia-de-sao-pedro\/","name":"Feiras Livres e Mercados P\u00fablicos funcionar\u00e3o normalmente neste s\u00e1bado (29) dia de S\u00e3o Pedro","slug":"feiras-livres-e-mercados-publicos-funcionarao-normalmente-neste-sabado-29-dia-de-sao-pedro","taxonomy":"post_tag","meta":[],"_links":{"self":[{"href":"https:\/\/blogdoedvaldomagalhaes.com.br\/index.php\/wp-json\/wp\/v2\/tags\/30930","targetHints":{"allow":["GET"]}}],"collection":[{"href":"https:\/\/blogdoedvaldomagalhaes.com.br\/index.php\/wp-json\/wp\/v2\/tags"}],"about":[{"href":"https:\/\/blogdoedvaldomagalhaes.com.br\/index.php\/wp-json\/wp\/v2\/taxonomies\/post_tag"}],"wp:post_type":[{"href":"https:\/\/blogdoedvaldomagalhaes.com.br\/index.php\/wp-json\/wp\/v2\/posts?tags=30930"}],"curies":[{"name":"wp","href":"https:\/\/api.w.org\/{rel}","templated":true}]}}