{"id":30872,"count":1,"description":"","link":"https:\/\/blogdoedvaldomagalhaes.com.br\/index.php\/tag\/penultimo-final-de-semana-do-sao-joao-de-caruaru-e-marcado-por-festival-de-quadrilhas\/","name":"Pen\u00faltimo final de semana do S\u00e3o Jo\u00e3o de Caruaru \u00e9 marcado por Festival de Quadrilhas","slug":"penultimo-final-de-semana-do-sao-joao-de-caruaru-e-marcado-por-festival-de-quadrilhas","taxonomy":"post_tag","meta":[],"_links":{"self":[{"href":"https:\/\/blogdoedvaldomagalhaes.com.br\/index.php\/wp-json\/wp\/v2\/tags\/30872","targetHints":{"allow":["GET"]}}],"collection":[{"href":"https:\/\/blogdoedvaldomagalhaes.com.br\/index.php\/wp-json\/wp\/v2\/tags"}],"about":[{"href":"https:\/\/blogdoedvaldomagalhaes.com.br\/index.php\/wp-json\/wp\/v2\/taxonomies\/post_tag"}],"wp:post_type":[{"href":"https:\/\/blogdoedvaldomagalhaes.com.br\/index.php\/wp-json\/wp\/v2\/posts?tags=30872"}],"curies":[{"name":"wp","href":"https:\/\/api.w.org\/{rel}","templated":true}]}}