{"id":30869,"count":1,"description":"","link":"https:\/\/blogdoedvaldomagalhaes.com.br\/index.php\/tag\/polo-instrumental-maestro-rildo-hora-tera-diversidade-de-ritmos-no-monte-bom-jesus-neste-fim-de-semana-prolongado-de-sao-joao\/","name":"Polo Instrumental Maestro Rildo Hora ter\u00e1 diversidade de ritmos no Monte Bom Jesus neste fim de semana prolongado de S\u00e3o Jo\u00e3o","slug":"polo-instrumental-maestro-rildo-hora-tera-diversidade-de-ritmos-no-monte-bom-jesus-neste-fim-de-semana-prolongado-de-sao-joao","taxonomy":"post_tag","meta":[],"_links":{"self":[{"href":"https:\/\/blogdoedvaldomagalhaes.com.br\/index.php\/wp-json\/wp\/v2\/tags\/30869","targetHints":{"allow":["GET"]}}],"collection":[{"href":"https:\/\/blogdoedvaldomagalhaes.com.br\/index.php\/wp-json\/wp\/v2\/tags"}],"about":[{"href":"https:\/\/blogdoedvaldomagalhaes.com.br\/index.php\/wp-json\/wp\/v2\/taxonomies\/post_tag"}],"wp:post_type":[{"href":"https:\/\/blogdoedvaldomagalhaes.com.br\/index.php\/wp-json\/wp\/v2\/posts?tags=30869"}],"curies":[{"name":"wp","href":"https:\/\/api.w.org\/{rel}","templated":true}]}}