{"id":30737,"count":1,"description":"","link":"https:\/\/blogdoedvaldomagalhaes.com.br\/index.php\/tag\/patio-de-eventos-luiz-lua-gonzaga-e-tomado-por-multidao-de-fieis-em-momento-de-fe-e-adoracao-durante-a-noite-catolica\/","name":"P\u00e1tio de Eventos Luiz Lua Gonzaga \u00e9 tomado por multid\u00e3o de fi\u00e9is em momento de f\u00e9 e adora\u00e7\u00e3o durante a noite cat\u00f3lica","slug":"patio-de-eventos-luiz-lua-gonzaga-e-tomado-por-multidao-de-fieis-em-momento-de-fe-e-adoracao-durante-a-noite-catolica","taxonomy":"post_tag","meta":[],"_links":{"self":[{"href":"https:\/\/blogdoedvaldomagalhaes.com.br\/index.php\/wp-json\/wp\/v2\/tags\/30737","targetHints":{"allow":["GET"]}}],"collection":[{"href":"https:\/\/blogdoedvaldomagalhaes.com.br\/index.php\/wp-json\/wp\/v2\/tags"}],"about":[{"href":"https:\/\/blogdoedvaldomagalhaes.com.br\/index.php\/wp-json\/wp\/v2\/taxonomies\/post_tag"}],"wp:post_type":[{"href":"https:\/\/blogdoedvaldomagalhaes.com.br\/index.php\/wp-json\/wp\/v2\/posts?tags=30737"}],"curies":[{"name":"wp","href":"https:\/\/api.w.org\/{rel}","templated":true}]}}