{"id":30612,"count":1,"description":"","link":"https:\/\/blogdoedvaldomagalhaes.com.br\/index.php\/tag\/penultimo-fim-de-semana-do-sao-joao-na-roca-chega-a-malhada-de-pedra-e-pau-santo\/","name":"Pen\u00faltimo fim de semana do S\u00e3o Jo\u00e3o na Ro\u00e7a chega a Malhada de Pedra e Pau Santo","slug":"penultimo-fim-de-semana-do-sao-joao-na-roca-chega-a-malhada-de-pedra-e-pau-santo","taxonomy":"post_tag","meta":[],"_links":{"self":[{"href":"https:\/\/blogdoedvaldomagalhaes.com.br\/index.php\/wp-json\/wp\/v2\/tags\/30612","targetHints":{"allow":["GET"]}}],"collection":[{"href":"https:\/\/blogdoedvaldomagalhaes.com.br\/index.php\/wp-json\/wp\/v2\/tags"}],"about":[{"href":"https:\/\/blogdoedvaldomagalhaes.com.br\/index.php\/wp-json\/wp\/v2\/taxonomies\/post_tag"}],"wp:post_type":[{"href":"https:\/\/blogdoedvaldomagalhaes.com.br\/index.php\/wp-json\/wp\/v2\/posts?tags=30612"}],"curies":[{"name":"wp","href":"https:\/\/api.w.org\/{rel}","templated":true}]}}