{"id":30591,"count":1,"description":"","link":"https:\/\/blogdoedvaldomagalhaes.com.br\/index.php\/tag\/vereador-jorge-quintino-propoe-aquisicao-de-trajes-especificos-para-bandas-de-pifanos-no-sao-joao-de-caruaru\/","name":"Vereador Jorge Quintino Prop\u00f5e Aquisi\u00e7\u00e3o de Trajes Espec\u00edficos para Bandas de P\u00edfanos no S\u00e3o Jo\u00e3o de Caruaru","slug":"vereador-jorge-quintino-propoe-aquisicao-de-trajes-especificos-para-bandas-de-pifanos-no-sao-joao-de-caruaru","taxonomy":"post_tag","meta":[],"_links":{"self":[{"href":"https:\/\/blogdoedvaldomagalhaes.com.br\/index.php\/wp-json\/wp\/v2\/tags\/30591","targetHints":{"allow":["GET"]}}],"collection":[{"href":"https:\/\/blogdoedvaldomagalhaes.com.br\/index.php\/wp-json\/wp\/v2\/tags"}],"about":[{"href":"https:\/\/blogdoedvaldomagalhaes.com.br\/index.php\/wp-json\/wp\/v2\/taxonomies\/post_tag"}],"wp:post_type":[{"href":"https:\/\/blogdoedvaldomagalhaes.com.br\/index.php\/wp-json\/wp\/v2\/posts?tags=30591"}],"curies":[{"name":"wp","href":"https:\/\/api.w.org\/{rel}","templated":true}]}}