{"id":30585,"count":1,"description":"","link":"https:\/\/blogdoedvaldomagalhaes.com.br\/index.php\/tag\/anderson-correia-solicita-e-audiencia-publica-sobre-o-hospital-publico-veterinario-de-caruaru-sera-na-segunda-27\/","name":"Anderson Correia solicita e audi\u00eancia p\u00fablica sobre o Hospital P\u00fablico Veterin\u00e1rio de Caruaru ser\u00e1 na segunda (27)","slug":"anderson-correia-solicita-e-audiencia-publica-sobre-o-hospital-publico-veterinario-de-caruaru-sera-na-segunda-27","taxonomy":"post_tag","meta":[],"_links":{"self":[{"href":"https:\/\/blogdoedvaldomagalhaes.com.br\/index.php\/wp-json\/wp\/v2\/tags\/30585","targetHints":{"allow":["GET"]}}],"collection":[{"href":"https:\/\/blogdoedvaldomagalhaes.com.br\/index.php\/wp-json\/wp\/v2\/tags"}],"about":[{"href":"https:\/\/blogdoedvaldomagalhaes.com.br\/index.php\/wp-json\/wp\/v2\/taxonomies\/post_tag"}],"wp:post_type":[{"href":"https:\/\/blogdoedvaldomagalhaes.com.br\/index.php\/wp-json\/wp\/v2\/posts?tags=30585"}],"curies":[{"name":"wp","href":"https:\/\/api.w.org\/{rel}","templated":true}]}}