{"id":30582,"count":1,"description":"","link":"https:\/\/blogdoedvaldomagalhaes.com.br\/index.php\/tag\/vereador-jorge-quintino-realiza-sessao-solene-em-comemoracao-aos-20-anos-da-justica-federal-em-caruaru\/","name":"Vereador Jorge Quintino Realiza Sess\u00e3o Solene em Comemora\u00e7\u00e3o aos 20 Anos da Justi\u00e7a Federal em Caruaru","slug":"vereador-jorge-quintino-realiza-sessao-solene-em-comemoracao-aos-20-anos-da-justica-federal-em-caruaru","taxonomy":"post_tag","meta":[],"_links":{"self":[{"href":"https:\/\/blogdoedvaldomagalhaes.com.br\/index.php\/wp-json\/wp\/v2\/tags\/30582","targetHints":{"allow":["GET"]}}],"collection":[{"href":"https:\/\/blogdoedvaldomagalhaes.com.br\/index.php\/wp-json\/wp\/v2\/tags"}],"about":[{"href":"https:\/\/blogdoedvaldomagalhaes.com.br\/index.php\/wp-json\/wp\/v2\/taxonomies\/post_tag"}],"wp:post_type":[{"href":"https:\/\/blogdoedvaldomagalhaes.com.br\/index.php\/wp-json\/wp\/v2\/posts?tags=30582"}],"curies":[{"name":"wp","href":"https:\/\/api.w.org\/{rel}","templated":true}]}}