{"id":30581,"count":1,"description":"","link":"https:\/\/blogdoedvaldomagalhaes.com.br\/index.php\/tag\/vereador-jorge-quintino-propoe-criacao-de-programas-recreativos-e-culturais-inclusivos-para-pessoas-com-tea\/","name":"Vereador Jorge Quintino Prop\u00f5e Cria\u00e7\u00e3o de Programas Recreativos e Culturais Inclusivos para Pessoas com TEA","slug":"vereador-jorge-quintino-propoe-criacao-de-programas-recreativos-e-culturais-inclusivos-para-pessoas-com-tea","taxonomy":"post_tag","meta":[],"_links":{"self":[{"href":"https:\/\/blogdoedvaldomagalhaes.com.br\/index.php\/wp-json\/wp\/v2\/tags\/30581","targetHints":{"allow":["GET"]}}],"collection":[{"href":"https:\/\/blogdoedvaldomagalhaes.com.br\/index.php\/wp-json\/wp\/v2\/tags"}],"about":[{"href":"https:\/\/blogdoedvaldomagalhaes.com.br\/index.php\/wp-json\/wp\/v2\/taxonomies\/post_tag"}],"wp:post_type":[{"href":"https:\/\/blogdoedvaldomagalhaes.com.br\/index.php\/wp-json\/wp\/v2\/posts?tags=30581"}],"curies":[{"name":"wp","href":"https:\/\/api.w.org\/{rel}","templated":true}]}}