{"id":30461,"count":1,"description":"","link":"https:\/\/blogdoedvaldomagalhaes.com.br\/index.php\/tag\/em-meio-a-falta-de-utis-em-pe-anderson-correia-volta-a-ressaltar-habilitacao-do-icia-no-sus-para-ter-novos-leitos\/","name":"Em meio \u00e0 falta de UTIs em PE Anderson Correia volta a ressaltar habilita\u00e7\u00e3o do ICIA no SUS para ter novos leitos","slug":"em-meio-a-falta-de-utis-em-pe-anderson-correia-volta-a-ressaltar-habilitacao-do-icia-no-sus-para-ter-novos-leitos","taxonomy":"post_tag","meta":[],"_links":{"self":[{"href":"https:\/\/blogdoedvaldomagalhaes.com.br\/index.php\/wp-json\/wp\/v2\/tags\/30461","targetHints":{"allow":["GET"]}}],"collection":[{"href":"https:\/\/blogdoedvaldomagalhaes.com.br\/index.php\/wp-json\/wp\/v2\/tags"}],"about":[{"href":"https:\/\/blogdoedvaldomagalhaes.com.br\/index.php\/wp-json\/wp\/v2\/taxonomies\/post_tag"}],"wp:post_type":[{"href":"https:\/\/blogdoedvaldomagalhaes.com.br\/index.php\/wp-json\/wp\/v2\/posts?tags=30461"}],"curies":[{"name":"wp","href":"https:\/\/api.w.org\/{rel}","templated":true}]}}