{"id":30451,"count":1,"description":"","link":"https:\/\/blogdoedvaldomagalhaes.com.br\/index.php\/tag\/patio-de-eventos-luiz-lua-gonzaga-e-fechado-para-circulacao-de-pedestres-durante-a-montagem-da-estrutura-do-sao-joao-2024\/","name":"P\u00e1tio de Eventos Luiz Lua Gonzaga \u00e9 fechado para circula\u00e7\u00e3o de pedestres durante a montagem da estrutura do S\u00e3o Jo\u00e3o 2024","slug":"patio-de-eventos-luiz-lua-gonzaga-e-fechado-para-circulacao-de-pedestres-durante-a-montagem-da-estrutura-do-sao-joao-2024","taxonomy":"post_tag","meta":[],"_links":{"self":[{"href":"https:\/\/blogdoedvaldomagalhaes.com.br\/index.php\/wp-json\/wp\/v2\/tags\/30451","targetHints":{"allow":["GET"]}}],"collection":[{"href":"https:\/\/blogdoedvaldomagalhaes.com.br\/index.php\/wp-json\/wp\/v2\/tags"}],"about":[{"href":"https:\/\/blogdoedvaldomagalhaes.com.br\/index.php\/wp-json\/wp\/v2\/taxonomies\/post_tag"}],"wp:post_type":[{"href":"https:\/\/blogdoedvaldomagalhaes.com.br\/index.php\/wp-json\/wp\/v2\/posts?tags=30451"}],"curies":[{"name":"wp","href":"https:\/\/api.w.org\/{rel}","templated":true}]}}