{"id":30448,"count":1,"description":"","link":"https:\/\/blogdoedvaldomagalhaes.com.br\/index.php\/tag\/mudancas-no-transito-no-entorno-do-patio-de-eventos-para-montagem-da-estrutura-do-sao-joao-de-caruaru\/","name":"Mudan\u00e7as no tr\u00e2nsito no entorno do P\u00e1tio de Eventos para montagem da estrutura do S\u00e3o Jo\u00e3o de Caruaru","slug":"mudancas-no-transito-no-entorno-do-patio-de-eventos-para-montagem-da-estrutura-do-sao-joao-de-caruaru","taxonomy":"post_tag","meta":[],"_links":{"self":[{"href":"https:\/\/blogdoedvaldomagalhaes.com.br\/index.php\/wp-json\/wp\/v2\/tags\/30448","targetHints":{"allow":["GET"]}}],"collection":[{"href":"https:\/\/blogdoedvaldomagalhaes.com.br\/index.php\/wp-json\/wp\/v2\/tags"}],"about":[{"href":"https:\/\/blogdoedvaldomagalhaes.com.br\/index.php\/wp-json\/wp\/v2\/taxonomies\/post_tag"}],"wp:post_type":[{"href":"https:\/\/blogdoedvaldomagalhaes.com.br\/index.php\/wp-json\/wp\/v2\/posts?tags=30448"}],"curies":[{"name":"wp","href":"https:\/\/api.w.org\/{rel}","templated":true}]}}